{"id":1197,"date":"2025-10-10T14:41:00","date_gmt":"2025-10-10T13:41:00","guid":{"rendered":"https:\/\/marsizsolt.hu\/?p=1197"},"modified":"2025-11-11T09:09:07","modified_gmt":"2025-11-11T08:09:07","slug":"asztrogasztro-2025-bukki-csillagda","status":"publish","type":"post","link":"https:\/\/marsizsolt.hu\/en\/asztrogasztro-2025-bukki-csillagda\/","title":{"rendered":"AsztroGasztro 2025 B\u00fckki Csillagda"},"content":{"rendered":"<p>Vannak esem\u00e9nyek, amelyek nemcsak egy est\u00e9re sz\u00f3lnak \u2013 hanem \u00f6r\u00f6kre nyomot hagynak. A <strong>B\u00fckki Csillagd\u00e1ban<\/strong> megrendezett <strong>AsztroGasztro est<\/strong> pontosan ilyen volt.<\/p>\n\n\n\n<p>Az este f\u0151 vend\u00e9ge <strong>Farkas Bertalan<\/strong>, Magyarorsz\u00e1g els\u0151 \u0171rhaj\u00f3sa volt, mi pedig gondoskodtunk arr\u00f3l, hogy a kulin\u00e1ris \u00e9lm\u00e9ny is univerz\u00e1lis legyen.<\/p>\n\n\n\n<p>A Marsi Zsolt Catering csapata id\u00e9n is magasabbra tette a m\u00e9rc\u00e9t:<br><strong>T\u00f6bb mint 20 f\u00e9le<\/strong> saj\u00e1t k\u00e9sz\u00edt\u00e9s\u0171 ragu, sz\u00f3sz, m\u00e1rt\u00e1s \u00e9s lekv\u00e1r v\u00e1rta a vend\u00e9geket \u2013 mind egy-egy \u00faj \u00edzvil\u00e1got nyitott meg.<br>\ud83c\udf7d\ufe0f A t\u00e1lal\u00e1s, az \u00edzek \u00f6sszhangja \u00e9s a r\u00e9szletek ir\u00e1nti figyelem mind azt a min\u0151s\u00e9get k\u00e9pviselte, amire az AsztroGasztro estek m\u00e1r \u00e9vek \u00f3ta \u00e9p\u00fclnek.<\/p>\n\n\n\n<p>Mi\u00e9rt szeretj\u00fck ezt az esem\u00e9nyt? Mert minden \u00e9vben kih\u00edv\u00e1s. \u00c9s mi \u00e9pp ez\u00e9rt csin\u00e1ljuk. M\u00e1r most k\u00e9sz\u00fcl\u00fcnk a 2026-os est\u00e9re \u2013 az \u00f6tletek m\u00e1r a fej\u00fcnkben, az \u00edzek pedig m\u00e9g kiforr\u00e1sra v\u00e1rnak.<\/p>\n\n\n\n<figure class=\"wp-block-image size-full\"><img fetchpriority=\"high\" decoding=\"async\" width=\"1920\" height=\"1280\" src=\"https:\/\/marsizsolt.hu\/wp-content\/uploads\/2025\/05\/bukki-csillagda-farka-bertalan-urhajos.webp\" alt=\"\" class=\"wp-image-5774\" srcset=\"https:\/\/marsizsolt.hu\/wp-content\/uploads\/2025\/05\/bukki-csillagda-farka-bertalan-urhajos.webp 1920w, https:\/\/marsizsolt.hu\/wp-content\/uploads\/2025\/05\/bukki-csillagda-farka-bertalan-urhajos-1200.webp 1200w, https:\/\/marsizsolt.hu\/wp-content\/uploads\/2025\/05\/bukki-csillagda-farka-bertalan-urhajos-600.webp 600w, https:\/\/marsizsolt.hu\/wp-content\/uploads\/2025\/05\/bukki-csillagda-farka-bertalan-urhajos-300.webp 300w, https:\/\/marsizsolt.hu\/wp-content\/uploads\/2025\/05\/bukki-csillagda-farka-bertalan-urhajos-150x150.webp 150w\" sizes=\"(max-width: 1920px) 100vw, 1920px\" \/><\/figure>","protected":false},"excerpt":{"rendered":"<p>There are events that last longer than just one evening \u2013 they leave a lasting impression. The AstroGastro evening held at B\u00fckki Csillagda was just such an event.<\/p>","protected":false},"author":3,"featured_media":5773,"comment_status":"closed","ping_status":"closed","sticky":false,"template":"","format":"standard","meta":{"footnotes":""},"categories":[39],"tags":[],"class_list":["post-1197","post","type-post","status-publish","format-standard","has-post-thumbnail","hentry","category-catering"],"yoast_head":"<!-- This site is optimized with the Yoast SEO plugin v27.4 - https:\/\/yoast.com\/product\/yoast-seo-wordpress\/ -->\n<title>AsztroGasztro 2025 B\u00fckki Csillagda | Komplett catering szolg\u00e1ltat\u00e1s \u00e9s eszk\u00f6zpark<\/title>\n<meta name=\"robots\" content=\"index, follow, max-snippet:-1, max-image-preview:large, max-video-preview:-1\" \/>\n<link rel=\"canonical\" href=\"https:\/\/marsizsolt.hu\/en\/asztrogasztro-2025-bukki-csillagda\/\" \/>\n<meta property=\"og:locale\" content=\"en_US\" \/>\n<meta property=\"og:type\" content=\"article\" \/>\n<meta property=\"og:title\" content=\"AsztroGasztro 2025 B\u00fckki Csillagda | Komplett catering szolg\u00e1ltat\u00e1s \u00e9s eszk\u00f6zpark\" \/>\n<meta property=\"og:description\" content=\"Vannak esem\u00e9nyek, amelyek nemcsak egy est\u00e9re sz\u00f3lnak \u2013 hanem \u00f6r\u00f6kre nyomot hagynak. A B\u00fckki Csillagd\u00e1ban megrendezett AsztroGasztro est pontosan ilyen volt.\" \/>\n<meta property=\"og:url\" content=\"https:\/\/marsizsolt.hu\/en\/asztrogasztro-2025-bukki-csillagda\/\" \/>\n<meta property=\"og:site_name\" content=\"Komplett catering szolg\u00e1ltat\u00e1s \u00e9s eszk\u00f6zpark\" \/>\n<meta property=\"article:publisher\" content=\"https:\/\/www.facebook.com\/gasztro.marsi\" \/>\n<meta property=\"article:published_time\" content=\"2025-10-10T13:41:00+00:00\" \/>\n<meta property=\"article:modified_time\" content=\"2025-11-11T08:09:07+00:00\" \/>\n<meta property=\"og:image\" content=\"https:\/\/marsizsolt.hu\/wp-content\/uploads\/2025\/05\/bukki-csillagda-farkas-bertalan.webp\" \/>\n\t<meta property=\"og:image:width\" content=\"1536\" \/>\n\t<meta property=\"og:image:height\" content=\"2048\" \/>\n\t<meta property=\"og:image:type\" content=\"image\/webp\" \/>\n<meta name=\"author\" content=\"M\u00e1rton Pruck\" \/>\n<meta name=\"twitter:card\" content=\"summary_large_image\" \/>\n<meta name=\"twitter:label1\" content=\"Written by\" \/>\n\t<meta name=\"twitter:data1\" content=\"M\u00e1rton Pruck\" \/>\n\t<meta name=\"twitter:label2\" content=\"Est. reading time\" \/>\n\t<meta name=\"twitter:data2\" content=\"2 minutes\" \/>\n<script type=\"application\/ld+json\" class=\"yoast-schema-graph\">{\"@context\":\"https:\\\/\\\/schema.org\",\"@graph\":[{\"@type\":\"Article\",\"@id\":\"https:\\\/\\\/marsizsolt.hu\\\/asztrogasztro-2025-bukki-csillagda\\\/#article\",\"isPartOf\":{\"@id\":\"https:\\\/\\\/marsizsolt.hu\\\/asztrogasztro-2025-bukki-csillagda\\\/\"},\"author\":{\"name\":\"M\u00e1rton Pruck\",\"@id\":\"https:\\\/\\\/marsizsolt.hu\\\/#\\\/schema\\\/person\\\/9897ac0e58bcae4300e32fd2cddfc09b\"},\"headline\":\"AsztroGasztro 2025 B\u00fckki Csillagda\",\"datePublished\":\"2025-10-10T13:41:00+00:00\",\"dateModified\":\"2025-11-11T08:09:07+00:00\",\"mainEntityOfPage\":{\"@id\":\"https:\\\/\\\/marsizsolt.hu\\\/asztrogasztro-2025-bukki-csillagda\\\/\"},\"wordCount\":184,\"publisher\":{\"@id\":\"https:\\\/\\\/marsizsolt.hu\\\/#organization\"},\"image\":{\"@id\":\"https:\\\/\\\/marsizsolt.hu\\\/asztrogasztro-2025-bukki-csillagda\\\/#primaryimage\"},\"thumbnailUrl\":\"https:\\\/\\\/marsizsolt.hu\\\/wp-content\\\/uploads\\\/2025\\\/05\\\/bukki-csillagda-farkas-bertalan.webp\",\"articleSection\":[\"Catering\"],\"inLanguage\":\"en-US\"},{\"@type\":\"WebPage\",\"@id\":\"https:\\\/\\\/marsizsolt.hu\\\/asztrogasztro-2025-bukki-csillagda\\\/\",\"url\":\"https:\\\/\\\/marsizsolt.hu\\\/asztrogasztro-2025-bukki-csillagda\\\/\",\"name\":\"AsztroGasztro 2025 B\u00fckki Csillagda | Komplett catering szolg\u00e1ltat\u00e1s \u00e9s eszk\u00f6zpark\",\"isPartOf\":{\"@id\":\"https:\\\/\\\/marsizsolt.hu\\\/#website\"},\"primaryImageOfPage\":{\"@id\":\"https:\\\/\\\/marsizsolt.hu\\\/asztrogasztro-2025-bukki-csillagda\\\/#primaryimage\"},\"image\":{\"@id\":\"https:\\\/\\\/marsizsolt.hu\\\/asztrogasztro-2025-bukki-csillagda\\\/#primaryimage\"},\"thumbnailUrl\":\"https:\\\/\\\/marsizsolt.hu\\\/wp-content\\\/uploads\\\/2025\\\/05\\\/bukki-csillagda-farkas-bertalan.webp\",\"datePublished\":\"2025-10-10T13:41:00+00:00\",\"dateModified\":\"2025-11-11T08:09:07+00:00\",\"breadcrumb\":{\"@id\":\"https:\\\/\\\/marsizsolt.hu\\\/asztrogasztro-2025-bukki-csillagda\\\/#breadcrumb\"},\"inLanguage\":\"en-US\",\"potentialAction\":[{\"@type\":\"ReadAction\",\"target\":[\"https:\\\/\\\/marsizsolt.hu\\\/asztrogasztro-2025-bukki-csillagda\\\/\"]}]},{\"@type\":\"ImageObject\",\"inLanguage\":\"en-US\",\"@id\":\"https:\\\/\\\/marsizsolt.hu\\\/asztrogasztro-2025-bukki-csillagda\\\/#primaryimage\",\"url\":\"https:\\\/\\\/marsizsolt.hu\\\/wp-content\\\/uploads\\\/2025\\\/05\\\/bukki-csillagda-farkas-bertalan.webp\",\"contentUrl\":\"https:\\\/\\\/marsizsolt.hu\\\/wp-content\\\/uploads\\\/2025\\\/05\\\/bukki-csillagda-farkas-bertalan.webp\",\"width\":1536,\"height\":2048},{\"@type\":\"BreadcrumbList\",\"@id\":\"https:\\\/\\\/marsizsolt.hu\\\/asztrogasztro-2025-bukki-csillagda\\\/#breadcrumb\",\"itemListElement\":[{\"@type\":\"ListItem\",\"position\":1,\"name\":\"Home\",\"item\":\"https:\\\/\\\/marsizsolt.hu\\\/\"},{\"@type\":\"ListItem\",\"position\":2,\"name\":\"AsztroGasztro 2025 B\u00fckki Csillagda\"}]},{\"@type\":\"WebSite\",\"@id\":\"https:\\\/\\\/marsizsolt.hu\\\/#website\",\"url\":\"https:\\\/\\\/marsizsolt.hu\\\/\",\"name\":\"marsizsolt.hu\",\"description\":\"Marsi Zsolt Catering &amp; Az Udvar \u2013 Az esem\u00e9nyed gasztron\u00f3miai h\u00e1ttere\",\"publisher\":{\"@id\":\"https:\\\/\\\/marsizsolt.hu\\\/#organization\"},\"potentialAction\":[{\"@type\":\"SearchAction\",\"target\":{\"@type\":\"EntryPoint\",\"urlTemplate\":\"https:\\\/\\\/marsizsolt.hu\\\/?s={search_term_string}\"},\"query-input\":{\"@type\":\"PropertyValueSpecification\",\"valueRequired\":true,\"valueName\":\"search_term_string\"}}],\"inLanguage\":\"en-US\"},{\"@type\":\"Organization\",\"@id\":\"https:\\\/\\\/marsizsolt.hu\\\/#organization\",\"name\":\"marsizsolt.hu\",\"url\":\"https:\\\/\\\/marsizsolt.hu\\\/\",\"logo\":{\"@type\":\"ImageObject\",\"inLanguage\":\"en-US\",\"@id\":\"https:\\\/\\\/marsizsolt.hu\\\/#\\\/schema\\\/logo\\\/image\\\/\",\"url\":\"https:\\\/\\\/marsizsolt.hu\\\/wp-content\\\/uploads\\\/2025\\\/04\\\/Catering.svg\",\"contentUrl\":\"https:\\\/\\\/marsizsolt.hu\\\/wp-content\\\/uploads\\\/2025\\\/04\\\/Catering.svg\",\"width\":132,\"height\":243,\"caption\":\"marsizsolt.hu\"},\"image\":{\"@id\":\"https:\\\/\\\/marsizsolt.hu\\\/#\\\/schema\\\/logo\\\/image\\\/\"},\"sameAs\":[\"https:\\\/\\\/www.facebook.com\\\/gasztro.marsi\",\"https:\\\/\\\/www.instagram.com\\\/gasztro.marsi\\\/\"]},{\"@type\":\"Person\",\"@id\":\"https:\\\/\\\/marsizsolt.hu\\\/#\\\/schema\\\/person\\\/9897ac0e58bcae4300e32fd2cddfc09b\",\"name\":\"M\u00e1rton Pruck\",\"image\":{\"@type\":\"ImageObject\",\"inLanguage\":\"en-US\",\"@id\":\"https:\\\/\\\/marsizsolt.hu\\\/wp-content\\\/litespeed\\\/avatar\\\/2295813cc0206ea2523205875fb99059.jpg?ver=1776610211\",\"url\":\"https:\\\/\\\/marsizsolt.hu\\\/wp-content\\\/litespeed\\\/avatar\\\/2295813cc0206ea2523205875fb99059.jpg?ver=1776610211\",\"contentUrl\":\"https:\\\/\\\/marsizsolt.hu\\\/wp-content\\\/litespeed\\\/avatar\\\/2295813cc0206ea2523205875fb99059.jpg?ver=1776610211\",\"caption\":\"M\u00e1rton Pruck\"},\"url\":\"https:\\\/\\\/marsizsolt.hu\\\/en\\\/author\\\/a58875c1ce53ac05\\\/\"}]}<\/script>\n<!-- \/ Yoast SEO plugin. -->","yoast_head_json":{"title":"AsztroGasztro 2025 B\u00fckki Csillagda | Komplett catering szolg\u00e1ltat\u00e1s \u00e9s eszk\u00f6zpark","robots":{"index":"index","follow":"follow","max-snippet":"max-snippet:-1","max-image-preview":"max-image-preview:large","max-video-preview":"max-video-preview:-1"},"canonical":"https:\/\/marsizsolt.hu\/en\/asztrogasztro-2025-bukki-csillagda\/","og_locale":"en_US","og_type":"article","og_title":"AsztroGasztro 2025 B\u00fckki Csillagda | Komplett catering szolg\u00e1ltat\u00e1s \u00e9s eszk\u00f6zpark","og_description":"Vannak esem\u00e9nyek, amelyek nemcsak egy est\u00e9re sz\u00f3lnak \u2013 hanem \u00f6r\u00f6kre nyomot hagynak. A B\u00fckki Csillagd\u00e1ban megrendezett AsztroGasztro est pontosan ilyen volt.","og_url":"https:\/\/marsizsolt.hu\/en\/asztrogasztro-2025-bukki-csillagda\/","og_site_name":"Komplett catering szolg\u00e1ltat\u00e1s \u00e9s eszk\u00f6zpark","article_publisher":"https:\/\/www.facebook.com\/gasztro.marsi","article_published_time":"2025-10-10T13:41:00+00:00","article_modified_time":"2025-11-11T08:09:07+00:00","og_image":[{"width":1536,"height":2048,"url":"https:\/\/marsizsolt.hu\/wp-content\/uploads\/2025\/05\/bukki-csillagda-farkas-bertalan.webp","type":"image\/webp"}],"author":"M\u00e1rton Pruck","twitter_card":"summary_large_image","twitter_misc":{"Written by":"M\u00e1rton Pruck","Est. reading time":"2 minutes"},"schema":{"@context":"https:\/\/schema.org","@graph":[{"@type":"Article","@id":"https:\/\/marsizsolt.hu\/asztrogasztro-2025-bukki-csillagda\/#article","isPartOf":{"@id":"https:\/\/marsizsolt.hu\/asztrogasztro-2025-bukki-csillagda\/"},"author":{"name":"M\u00e1rton Pruck","@id":"https:\/\/marsizsolt.hu\/#\/schema\/person\/9897ac0e58bcae4300e32fd2cddfc09b"},"headline":"AsztroGasztro 2025 B\u00fckki Csillagda","datePublished":"2025-10-10T13:41:00+00:00","dateModified":"2025-11-11T08:09:07+00:00","mainEntityOfPage":{"@id":"https:\/\/marsizsolt.hu\/asztrogasztro-2025-bukki-csillagda\/"},"wordCount":184,"publisher":{"@id":"https:\/\/marsizsolt.hu\/#organization"},"image":{"@id":"https:\/\/marsizsolt.hu\/asztrogasztro-2025-bukki-csillagda\/#primaryimage"},"thumbnailUrl":"https:\/\/marsizsolt.hu\/wp-content\/uploads\/2025\/05\/bukki-csillagda-farkas-bertalan.webp","articleSection":["Catering"],"inLanguage":"en-US"},{"@type":"WebPage","@id":"https:\/\/marsizsolt.hu\/asztrogasztro-2025-bukki-csillagda\/","url":"https:\/\/marsizsolt.hu\/asztrogasztro-2025-bukki-csillagda\/","name":"AsztroGasztro 2025 B\u00fckki Csillagda | Komplett catering szolg\u00e1ltat\u00e1s \u00e9s eszk\u00f6zpark","isPartOf":{"@id":"https:\/\/marsizsolt.hu\/#website"},"primaryImageOfPage":{"@id":"https:\/\/marsizsolt.hu\/asztrogasztro-2025-bukki-csillagda\/#primaryimage"},"image":{"@id":"https:\/\/marsizsolt.hu\/asztrogasztro-2025-bukki-csillagda\/#primaryimage"},"thumbnailUrl":"https:\/\/marsizsolt.hu\/wp-content\/uploads\/2025\/05\/bukki-csillagda-farkas-bertalan.webp","datePublished":"2025-10-10T13:41:00+00:00","dateModified":"2025-11-11T08:09:07+00:00","breadcrumb":{"@id":"https:\/\/marsizsolt.hu\/asztrogasztro-2025-bukki-csillagda\/#breadcrumb"},"inLanguage":"en-US","potentialAction":[{"@type":"ReadAction","target":["https:\/\/marsizsolt.hu\/asztrogasztro-2025-bukki-csillagda\/"]}]},{"@type":"ImageObject","inLanguage":"en-US","@id":"https:\/\/marsizsolt.hu\/asztrogasztro-2025-bukki-csillagda\/#primaryimage","url":"https:\/\/marsizsolt.hu\/wp-content\/uploads\/2025\/05\/bukki-csillagda-farkas-bertalan.webp","contentUrl":"https:\/\/marsizsolt.hu\/wp-content\/uploads\/2025\/05\/bukki-csillagda-farkas-bertalan.webp","width":1536,"height":2048},{"@type":"BreadcrumbList","@id":"https:\/\/marsizsolt.hu\/asztrogasztro-2025-bukki-csillagda\/#breadcrumb","itemListElement":[{"@type":"ListItem","position":1,"name":"Home","item":"https:\/\/marsizsolt.hu\/"},{"@type":"ListItem","position":2,"name":"AsztroGasztro 2025 B\u00fckki Csillagda"}]},{"@type":"WebSite","@id":"https:\/\/marsizsolt.hu\/#website","url":"https:\/\/marsizsolt.hu\/","name":"marsizsolt.hu","description":"Marsi Zsolt Catering &amp; Az Udvar \u2013 Az esem\u00e9nyed gasztron\u00f3miai h\u00e1ttere","publisher":{"@id":"https:\/\/marsizsolt.hu\/#organization"},"potentialAction":[{"@type":"SearchAction","target":{"@type":"EntryPoint","urlTemplate":"https:\/\/marsizsolt.hu\/?s={search_term_string}"},"query-input":{"@type":"PropertyValueSpecification","valueRequired":true,"valueName":"search_term_string"}}],"inLanguage":"en-US"},{"@type":"Organization","@id":"https:\/\/marsizsolt.hu\/#organization","name":"marsizsolt.hu","url":"https:\/\/marsizsolt.hu\/","logo":{"@type":"ImageObject","inLanguage":"en-US","@id":"https:\/\/marsizsolt.hu\/#\/schema\/logo\/image\/","url":"https:\/\/marsizsolt.hu\/wp-content\/uploads\/2025\/04\/Catering.svg","contentUrl":"https:\/\/marsizsolt.hu\/wp-content\/uploads\/2025\/04\/Catering.svg","width":132,"height":243,"caption":"marsizsolt.hu"},"image":{"@id":"https:\/\/marsizsolt.hu\/#\/schema\/logo\/image\/"},"sameAs":["https:\/\/www.facebook.com\/gasztro.marsi","https:\/\/www.instagram.com\/gasztro.marsi\/"]},{"@type":"Person","@id":"https:\/\/marsizsolt.hu\/#\/schema\/person\/9897ac0e58bcae4300e32fd2cddfc09b","name":"M\u00e1rton Pruck","image":{"@type":"ImageObject","inLanguage":"en-US","@id":"https:\/\/marsizsolt.hu\/wp-content\/litespeed\/avatar\/2295813cc0206ea2523205875fb99059.jpg?ver=1776610211","url":"https:\/\/marsizsolt.hu\/wp-content\/litespeed\/avatar\/2295813cc0206ea2523205875fb99059.jpg?ver=1776610211","contentUrl":"https:\/\/marsizsolt.hu\/wp-content\/litespeed\/avatar\/2295813cc0206ea2523205875fb99059.jpg?ver=1776610211","caption":"M\u00e1rton Pruck"},"url":"https:\/\/marsizsolt.hu\/en\/author\/a58875c1ce53ac05\/"}]}},"_links":{"self":[{"href":"https:\/\/marsizsolt.hu\/en\/wp-json\/wp\/v2\/posts\/1197","targetHints":{"allow":["GET"]}}],"collection":[{"href":"https:\/\/marsizsolt.hu\/en\/wp-json\/wp\/v2\/posts"}],"about":[{"href":"https:\/\/marsizsolt.hu\/en\/wp-json\/wp\/v2\/types\/post"}],"author":[{"embeddable":true,"href":"https:\/\/marsizsolt.hu\/en\/wp-json\/wp\/v2\/users\/3"}],"replies":[{"embeddable":true,"href":"https:\/\/marsizsolt.hu\/en\/wp-json\/wp\/v2\/comments?post=1197"}],"version-history":[{"count":7,"href":"https:\/\/marsizsolt.hu\/en\/wp-json\/wp\/v2\/posts\/1197\/revisions"}],"predecessor-version":[{"id":6125,"href":"https:\/\/marsizsolt.hu\/en\/wp-json\/wp\/v2\/posts\/1197\/revisions\/6125"}],"wp:featuredmedia":[{"embeddable":true,"href":"https:\/\/marsizsolt.hu\/en\/wp-json\/wp\/v2\/media\/5773"}],"wp:attachment":[{"href":"https:\/\/marsizsolt.hu\/en\/wp-json\/wp\/v2\/media?parent=1197"}],"wp:term":[{"taxonomy":"category","embeddable":true,"href":"https:\/\/marsizsolt.hu\/en\/wp-json\/wp\/v2\/categories?post=1197"},{"taxonomy":"post_tag","embeddable":true,"href":"https:\/\/marsizsolt.hu\/en\/wp-json\/wp\/v2\/tags?post=1197"}],"curies":[{"name":"wp","href":"https:\/\/api.w.org\/{rel}","templated":true}]}}